{"id":737,"date":"2020-11-28T19:39:38","date_gmt":"2020-11-28T18:39:38","guid":{"rendered":"http:\/\/anna-soltysik.pl\/?p=737"},"modified":"2020-11-28T19:39:38","modified_gmt":"2020-11-28T18:39:38","slug":"our-group-m37a-and-cracow-art-week-krakers-2020","status":"publish","type":"post","link":"https:\/\/anna-soltysik.pl\/index.php\/2020\/11\/28\/our-group-m37a-and-cracow-art-week-krakers-2020\/","title":{"rendered":"Our group M37A and Cracow Art Week Krakers 2020"},"content":{"rendered":"<p>22 October was for us an important day, when our group had the first online exhibition during <strong><a href=\"https:\/\/cracowartweek.pl\/en\/statement_en\/\">Cracow Art Week Krakers 2020<\/a><\/strong>. We have prepared Space of Metamorphosis in 3 different spaces &#8211; in Zakopane (Ewa Maria Romaniak), Krak\u00f3w (Bart\u0142omiej Domaga\u0142a) and Rzesz\u00f3w (Anna So\u0142tysik). See more <strong><a href=\"https:\/\/grupam37a.wixsite.com\/m37a\/space-of-metamorphosis\">HERE<\/a><\/strong><\/p>\n","protected":false},"excerpt":{"rendered":"<p>22 October was for us an important day, when our group had the first online exhibition during Cracow Art Week Krakers 2020. We have prepared Space of Metamorphosis in 3 different spaces &#8211; in Zakopane (Ewa Maria Romaniak), Krak\u00f3w (Bart\u0142omiej Domaga\u0142a) and Rzesz\u00f3w (Anna So\u0142tysik). See more HERE<\/p>\n","protected":false},"author":1,"featured_media":0,"comment_status":"closed","ping_status":"open","sticky":false,"template":"","format":"standard","meta":[],"categories":[1],"tags":[],"_links":{"self":[{"href":"https:\/\/anna-soltysik.pl\/index.php\/wp-json\/wp\/v2\/posts\/737"}],"collection":[{"href":"https:\/\/anna-soltysik.pl\/index.php\/wp-json\/wp\/v2\/posts"}],"about":[{"href":"https:\/\/anna-soltysik.pl\/index.php\/wp-json\/wp\/v2\/types\/post"}],"author":[{"embeddable":true,"href":"https:\/\/anna-soltysik.pl\/index.php\/wp-json\/wp\/v2\/users\/1"}],"replies":[{"embeddable":true,"href":"https:\/\/anna-soltysik.pl\/index.php\/wp-json\/wp\/v2\/comments?post=737"}],"version-history":[{"count":1,"href":"https:\/\/anna-soltysik.pl\/index.php\/wp-json\/wp\/v2\/posts\/737\/revisions"}],"predecessor-version":[{"id":738,"href":"https:\/\/anna-soltysik.pl\/index.php\/wp-json\/wp\/v2\/posts\/737\/revisions\/738"}],"wp:attachment":[{"href":"https:\/\/anna-soltysik.pl\/index.php\/wp-json\/wp\/v2\/media?parent=737"}],"wp:term":[{"taxonomy":"category","embeddable":true,"href":"https:\/\/anna-soltysik.pl\/index.php\/wp-json\/wp\/v2\/categories?post=737"},{"taxonomy":"post_tag","embeddable":true,"href":"https:\/\/anna-soltysik.pl\/index.php\/wp-json\/wp\/v2\/tags?post=737"}],"curies":[{"name":"wp","href":"https:\/\/api.w.org\/{rel}","templated":true}]}}